{"id":4042021,"date":"2008-04-14T09:49:38","date_gmt":"2008-04-14T09:49:38","guid":{"rendered":"http:\/\/theobromina.de\/100prozentig-selbst-erlebt\/2008\/04\/14\/title-4042021\/"},"modified":"2008-04-14T09:49:38","modified_gmt":"2008-04-14T09:49:38","slug":"title-4042021","status":"publish","type":"post","link":"https:\/\/theobromina.de\/100prozentig-selbst-erlebt\/2008\/04\/14\/title-4042021\/","title":{"rendered":"Mondscheink\u00e4se"},"content":{"rendered":"<p class=\"MsoNormal\">K\u00fcrzlich fand ich im Werbeprospekt einer Superladenkette das hier:<\/p>\n<p><a href=\"#\" title=\"Mondscheinkaese\"><img src=\"http:\/\/theobromina.de\/100prozentig-selbst-erlebt\/wp-content\/uploads\/2008\/04\/2468693_826e135cf9_m.jpeg\" alt=\"Mondscheinkaese\" hspace=\"5\" vspace=\"5\" align=\"right\"><\/a>Das wollte ich nun nat\u00fcrlich genauer wissen. <\/p>\n<p>Ist das vielleicht ein K\u00e4se, den man nur nachts isst? Es gibt ja viele Leute, die nachts an den K\u00fchlschrank gehen, und vielleicht ist dieses spezielle Publikum bisher noch nicht ausrei-<br \/>chend erschlossen?<\/p>\n<p>Oder wird der K\u00e4se ausschlie\u00dflich in Nacht-<br \/>schicht herstellt, in Fabrikhallen, die lediglich von Mondschein erhellt werden? <\/p>\n<p>Das w\u00fcrde mir nicht gefallen. So im tr\u00fcben Fun-<br \/>zellicht kriegt doch gar niemand mit, wenn da z.B. einer seine ollen Hosentaschenflusen \u00fcber&#8217;m Bottich ausleert. Oder, wenn dem da vielleicht sein Mickymausheft reinf\u00e4llt.<\/p>\n<p class=\"MsoNormal\">Die Webseite der <a href=\"http:\/\/www.andechser-molkerei.de\/\">Molkerei<\/a> bietet zun\u00e4chst nur wenig Information, und diese ist auch eher ver-<br \/>wirrend. Da steht, der Mondscheink\u00e4se w\u00fcrde nur <\/p>\n<blockquote><p>an &#8222;Licht-Bl\u00fcten-&#8220; und &#8222;W\u00e4rme-Fruchttagen&#8220; gek\u00e4st, mit Aqua Luna Wasser behandelt: Der ganz Besondere, vollm\u00fcndig, w\u00fcrzig-pikant.\u00a0<\/p><\/blockquote>\n<p>Aha. Soso. Wie noch mal? Was sind denn wohl <em>Licht-Bl\u00fcten-Tage<\/em>?<\/p>\n<p class=\"MsoNormal\">Hab&#8216; ich die neue Z\u00fcchtung der fluoreszierenden Ringelblume irgendwie verpasst? Dann will ich die aber sofort f\u00fcr meine Blumenk\u00e4sten! Oder geht es um gef\u00e4lschte Banknoten, an speziellen Tagen gedruckt, mit denen Stehlampen zu erwerben oder Stromrechnungen zu zahlen sind? Oder sind das vielleicht einfach sonnige Tage im Fr\u00fchjahr und Sommer?<\/p>\n<p class=\"MsoNormal\">Und was sind <em>W\u00e4rme-Fruchttage<\/em>? <br \/>&#8211; Da f\u00e4llt mir ein, &#8217;ne W\u00e4rmefrucht kenn&#8216; ich sogar: Gl\u00fchbirne! So kommen wir aber doch wieder bei Stehlampen raus&#8230; Und was hat das nun mit Mondschein zu tun? Das Ganze bleibt, trotz Beleuchtung, irgendwie im Dunkeln. Ist ja eigentlich auch schnuppe, wenn der K\u00e4se schmeckt. Was steht da noch?<\/p>\n<p class=\"MsoNormal\"><em>Mit Aqua Luna Wasser behandelt.<\/em> <br \/>Da m\u00fcssen wir eins abziehen, denn eins ist doppelt: Aqua und Wasser meinen ja wohl dasselbe. Wasser Mond Wasser. Und wieso behandelt? War denn jemand krank? Jetzt komm&#8216; ich doch langsam durcheinander&#8230; &#8211; Jedenfalls ist der K\u00e4se <em>vollm\u00fcndig<\/em>. Das ist wichtig! Wenn er zum Beispiel einen Handyvertrag abschlie\u00dfen will. Oder was verbockt. Dann muss er auch gef\u00e4lligst daf\u00fcr geradestehen. Basta.<\/p>\n<p class=\"MsoNormal\">Ach, da finde jetzt <em>doch<\/em> noch was auf der Homepage, das kann mir vielleicht weiterhelfen:<\/p>\n<blockquote><p>Herstellung:<\/p>\n<p class=\"MsoNormal\">Zur Herstellung des Andechser Demeter Mondscheink\u00e4se verwenden wir hochwertige Demeter-Milch. Der K\u00e4se wird ausschlie\u00dflich an Licht-Bl\u00fctetage und an W\u00e4rme-Fruchttagen gek\u00e4st.<\/p>\n<\/blockquote>\n<p>Jetzt steht hier pl\u00f6tzlich <em>Licht-Bl\u00fctetage<\/em> und nicht <em>Licht-Bl\u00fcten-Tage<\/em>! Eventuell geht es um ein Stockwerk, auf dem jemand von lichtem Gebl\u00fct ist. Die Licht-Bl\u00fct-Etage. Wattwei\u00dfich! Ich bin schon v\u00f6llig derangiert, die Sache macht mich ganz schulli.<\/p>\n<blockquote><p>Nach unserem auf langj\u00e4hrigen Erfahrungswerten basierenden K\u00e4sungspro-<br \/>zess, kommt der Andechser Mondscheink\u00e4se in ein Bad aus Meersalz, dass energetisiert wurde. Beim Reifungsprozess wird f\u00fcr den Kulturenansatz der Reifekulturen Wasser der St. Leonhards Aqua Luna Quellen verwendet.<\/p><\/blockquote>\n<p>Die haben also Mondquellen da, ja? Mondwasser. Hm. Hm.<\/p>\n<blockquote><p>Die mystische Kraft des Mondes ist in der Aqua Luna Vollmondabf\u00fcllung eingefangen.<\/p><\/blockquote>\n<p>Ich bin mir ja nun gar nicht sicher, ob der Mond tats\u00e4chlich \u00fcber <em>mystische Kraft<\/em> verf\u00fcgt. Ich dachte immer, der verf\u00fcgt durch seine Masse eher \u00fcber ordentlich <em>Anziehungskraft.<\/em> Schwippschwapp, Ebbeflut und so. Aber wenn die mystische Kraft bei denen eingefangen ist, kriegen wir die nat\u00fcrlich auch nur mit Gl\u00fcck und vielleicht Eintrittbezahlen zu sehen. Ach, da ist ja noch ein Hinweis:<\/p>\n<blockquote><p>Die Vollmondabf\u00fcllung wird ausschlie\u00dflich am Vollmondtag abgef\u00fcllt.<\/p><\/blockquote>\n<p>Ja, der tat jetzt gut. Das ist klar und formsch\u00f6n. Damit kann ich was anfangen. Danke.<\/p>\n<blockquote><p>Das Zusammenwirken dieser einzelnen Besonderheiten machen den Demeter Mondscheink\u00e4se zu einem unverwechselbaren K\u00e4seerlebnis.<\/p><\/blockquote>\n<p>Ui! Ein K\u00e4seerlebnis! Und auch noch eins, das ich nicht verwechseln kann! Wo ich doch sonst meine K\u00e4seerlebnisse so schlecht sortiert krieg&#8216;! Hier stapeln sich doch schon die Alben, Odner und K\u00e4seerlebnisbeklebeetiketten&#8230;<\/p>\n<blockquote><p>Besonderheiten:<br \/>Sowohl Pflanzen wie auch Tiere sind Ihrem Lebensrhythmus, in Ihrem Wachstum und Ihrer Fruchtung in enger Beziehung mit den Kr\u00e4ften des Umkreises.<\/p><\/blockquote>\n<p><em>Mein<\/em> Lebensrhythmus? <em>Mein<\/em> Wachstum? Und: Huch! <em>Meine Fruchtung<\/em>? Und die sind wo noch mal? Meine Kr\u00e4fte verlassen mich&#8230; &#8211; Ach nein, da sind sie ja:<\/p>\n<blockquote><p>Sowohl die Kr\u00e4ften der Sonne, des Mondes, des Planeten, aber auch des fernen Fixsternenhimmels bilden an ihr mit. <\/p><\/blockquote>\n<p>Na, dann haben die jetzt aber mal kurz ganz sch\u00f6n zu tun, die Kollegen!<\/p>\n<blockquote><p>Die Licht-Bl\u00fctetage sind f\u00fcr die Milchverarbeitung und K\u00e4sebereitung ideal. Sie bringen auch die beste Feinaromabildung. Die W\u00e4rme-Fruchttage eignen sich f\u00fcr alle Milchverarbeitung und auch besonders f\u00fcr die Herstellung von Schnittk\u00e4se.<\/p><\/blockquote>\n<p>Entschuldigung, ich kann nicht mehr&#8230; Nach dem ganzen Esotherikquark brauch&#8216;\u00a0 ich jetzt dringend so &#8217;ne Stulle, wo die Wurst so richtig sch\u00f6n \u00fcber die R\u00e4nder lappt! Hat zuf\u00e4llig grad&#8216; jemand eine dabei? <\/p>\n<p>PS: Da gibt&#8217;s \u00fcbrigens auch <em>Backsteink\u00e4se<\/em>. Nein, ich m\u00f6cht&#8217;s am liebsten gar nicht wissen, glaub&#8216; ich&#8230;<\/p>\n","protected":false},"excerpt":{"rendered":"<p>K\u00fcrzlich fand ich im Werbeprospekt einer Superladenkette das hier: Das wollte ich nun nat\u00fcrlich genauer wissen. Ist das vielleicht ein K\u00e4se, den man nur nachts isst? Es gibt ja viele Leute, die nachts an den K\u00fchlschrank gehen, und vielleicht ist dieses spezielle Publikum bisher noch nicht ausrei-chend erschlossen? Oder wird der K\u00e4se ausschlie\u00dflich in Nacht-schicht [&hellip;]<\/p>\n","protected":false},"author":2,"featured_media":0,"comment_status":"open","ping_status":"open","sticky":false,"template":"","format":"standard","meta":{"spay_email":"","jetpack_publicize_message":"","jetpack_is_tweetstorm":false},"categories":[1],"tags":[13,12,15,14],"jetpack_featured_media_url":"","jetpack_publicize_connections":[],"jetpack_sharing_enabled":true,"jetpack_shortlink":"https:\/\/wp.me\/p6SDtE-gXvT","_links":{"self":[{"href":"https:\/\/theobromina.de\/100prozentig-selbst-erlebt\/wp-json\/wp\/v2\/posts\/4042021"}],"collection":[{"href":"https:\/\/theobromina.de\/100prozentig-selbst-erlebt\/wp-json\/wp\/v2\/posts"}],"about":[{"href":"https:\/\/theobromina.de\/100prozentig-selbst-erlebt\/wp-json\/wp\/v2\/types\/post"}],"author":[{"embeddable":true,"href":"https:\/\/theobromina.de\/100prozentig-selbst-erlebt\/wp-json\/wp\/v2\/users\/2"}],"replies":[{"embeddable":true,"href":"https:\/\/theobromina.de\/100prozentig-selbst-erlebt\/wp-json\/wp\/v2\/comments?post=4042021"}],"version-history":[{"count":0,"href":"https:\/\/theobromina.de\/100prozentig-selbst-erlebt\/wp-json\/wp\/v2\/posts\/4042021\/revisions"}],"wp:attachment":[{"href":"https:\/\/theobromina.de\/100prozentig-selbst-erlebt\/wp-json\/wp\/v2\/media?parent=4042021"}],"wp:term":[{"taxonomy":"category","embeddable":true,"href":"https:\/\/theobromina.de\/100prozentig-selbst-erlebt\/wp-json\/wp\/v2\/categories?post=4042021"},{"taxonomy":"post_tag","embeddable":true,"href":"https:\/\/theobromina.de\/100prozentig-selbst-erlebt\/wp-json\/wp\/v2\/tags?post=4042021"}],"curies":[{"name":"wp","href":"https:\/\/api.w.org\/{rel}","templated":true}]}}